{"id":2446,"date":"2026-03-17T01:07:41","date_gmt":"2026-03-17T07:07:41","guid":{"rendered":"https:\/\/sinmurosnewscalifornia.com\/?p=2446"},"modified":"2026-03-17T01:07:41","modified_gmt":"2026-03-17T07:07:41","slug":"casa-mexico-celebra-su-segundo-brunch-previo-a-los-premios-oscar","status":"publish","type":"post","link":"https:\/\/sinmurosnewscalifornia.com\/?p=2446","title":{"rendered":"Casa M\u00e9xico celebra su segundo brunch previo a los premios \u00d3scar"},"content":{"rendered":"<figure id=\"attachment_2450\" aria-describedby=\"caption-attachment-2450\" style=\"width: 300px\" class=\"wp-caption alignleft\"><img loading=\"lazy\" decoding=\"async\" data-attachment-id=\"2450\" data-permalink=\"https:\/\/sinmurosnewscalifornia.com\/?attachment_id=2450\" data-orig-file=\"https:\/\/i0.wp.com\/sinmurosnewscalifornia.com\/wp-content\/uploads\/2026\/03\/image002-8-scaled.jpg?fit=2560%2C1707&amp;ssl=1\" data-orig-size=\"2560,1707\" data-comments-opened=\"1\" data-image-meta=\"{&quot;aperture&quot;:&quot;6.3&quot;,&quot;credit&quot;:&quot;Gonzalo Marroquin&quot;,&quot;camera&quot;:&quot;ILCE-7M4&quot;,&quot;caption&quot;:&quot;&quot;,&quot;created_timestamp&quot;:&quot;1773513312&quot;,&quot;copyright&quot;:&quot;GNZ0 1&quot;,&quot;focal_length&quot;:&quot;27.2&quot;,&quot;iso&quot;:&quot;1600&quot;,&quot;shutter_speed&quot;:&quot;0.005&quot;,&quot;title&quot;:&quot;&quot;,&quot;orientation&quot;:&quot;0&quot;}\" data-image-title=\"image002 (8)\" data-image-description=\"\" data-image-caption=\"\" data-medium-file=\"https:\/\/i0.wp.com\/sinmurosnewscalifornia.com\/wp-content\/uploads\/2026\/03\/image002-8-scaled.jpg?fit=300%2C200&amp;ssl=1\" data-large-file=\"https:\/\/i0.wp.com\/sinmurosnewscalifornia.com\/wp-content\/uploads\/2026\/03\/image002-8-scaled.jpg?fit=640%2C427&amp;ssl=1\" class=\"wp-image-2450 size-medium\" src=\"https:\/\/i0.wp.com\/sinmurosnewscalifornia.com\/wp-content\/uploads\/2026\/03\/image002-8.jpg?resize=300%2C200&#038;ssl=1\" alt=\"President and CEO of Friends of the National Museum of the American Latino\" width=\"300\" height=\"200\" srcset=\"https:\/\/i0.wp.com\/sinmurosnewscalifornia.com\/wp-content\/uploads\/2026\/03\/image002-8-scaled.jpg?resize=300%2C200&amp;ssl=1 300w, https:\/\/i0.wp.com\/sinmurosnewscalifornia.com\/wp-content\/uploads\/2026\/03\/image002-8-scaled.jpg?resize=1024%2C683&amp;ssl=1 1024w, https:\/\/i0.wp.com\/sinmurosnewscalifornia.com\/wp-content\/uploads\/2026\/03\/image002-8-scaled.jpg?resize=768%2C512&amp;ssl=1 768w, https:\/\/i0.wp.com\/sinmurosnewscalifornia.com\/wp-content\/uploads\/2026\/03\/image002-8-scaled.jpg?resize=1536%2C1024&amp;ssl=1 1536w, https:\/\/i0.wp.com\/sinmurosnewscalifornia.com\/wp-content\/uploads\/2026\/03\/image002-8-scaled.jpg?resize=2048%2C1365&amp;ssl=1 2048w, https:\/\/i0.wp.com\/sinmurosnewscalifornia.com\/wp-content\/uploads\/2026\/03\/image002-8-scaled.jpg?w=1280&amp;ssl=1 1280w, https:\/\/i0.wp.com\/sinmurosnewscalifornia.com\/wp-content\/uploads\/2026\/03\/image002-8-scaled.jpg?w=1920&amp;ssl=1 1920w\" sizes=\"auto, (max-width: 300px) 100vw, 300px\" data-recalc-dims=\"1\" \/><figcaption id=\"caption-attachment-2450\" class=\"wp-caption-text\">C\u00f3nsul General Carlos Gonz\u00e1lez Guti\u00e9rrez; el actor Diego Boneta; Estuardo V. Rodriguez,<\/figcaption><\/figure>\n<p><strong><em>*Bajo esa iniciativa el Consulado General de M\u00e9xico en Los \u00c1ngeles, consolida la ali<span dir=\"auto\">anza creativa entre M\u00e9xico y Hollywool en coordinaci\u00f3n con <\/span>Los Angeles Latino International Film Festival y Friends of the National Museum of the American Latino.<\/em><\/strong><\/p>\n<p><strong><em>*En el encuentro se lanz\u00f3 un <span dir=\"auto\">llamado para <\/span><span dir=\"auto\">fortalecer la producci\u00f3n transfronteriza y ampliar las oportunidades para creadores latinos<\/span><span dir=\"auto\"> en un mercado global en constante evoluci\u00f3n.\u00a0<\/span><\/em><\/strong><\/p>\n<p data-start=\"248\" data-end=\"614\"><strong data-start=\"248\" data-end=\"268\"><span dir=\"auto\">LOS \u00c1NGELES, CA.<\/span><\/strong><span dir=\"auto\"> \u2014 A solo d\u00edas de la gala m\u00e1s importante del cine, bajo la iniciativa Casa M\u00e9xico, el Consulado General de M\u00e9xico en Los \u00c1ntgeles se realiz\u00f3 el sehundo evento previo a la ceremonia del Oscar para destacar la colaboraci\u00f3n centenaria entre Hollywood y M\u00e9xico en la industria cinematogr\u00e1fica y del entretenimiento.<\/span><\/p>\n<figure id=\"attachment_2449\" aria-describedby=\"caption-attachment-2449\" style=\"width: 300px\" class=\"wp-caption alignright\"><img loading=\"lazy\" decoding=\"async\" data-attachment-id=\"2449\" data-permalink=\"https:\/\/sinmurosnewscalifornia.com\/?attachment_id=2449\" data-orig-file=\"https:\/\/i0.wp.com\/sinmurosnewscalifornia.com\/wp-content\/uploads\/2026\/03\/image003-4-scaled.jpg?fit=2560%2C1920&amp;ssl=1\" data-orig-size=\"2560,1920\" data-comments-opened=\"1\" data-image-meta=\"{&quot;aperture&quot;:&quot;1.5&quot;,&quot;credit&quot;:&quot;&quot;,&quot;camera&quot;:&quot;iPhone 14&quot;,&quot;caption&quot;:&quot;&quot;,&quot;created_timestamp&quot;:&quot;1773497080&quot;,&quot;copyright&quot;:&quot;&quot;,&quot;focal_length&quot;:&quot;5.7&quot;,&quot;iso&quot;:&quot;400&quot;,&quot;shutter_speed&quot;:&quot;0.016666666666667&quot;,&quot;title&quot;:&quot;&quot;,&quot;orientation&quot;:&quot;1&quot;}\" data-image-title=\"image003 (4)\" data-image-description=\"\" data-image-caption=\"\" data-medium-file=\"https:\/\/i0.wp.com\/sinmurosnewscalifornia.com\/wp-content\/uploads\/2026\/03\/image003-4-scaled.jpg?fit=300%2C225&amp;ssl=1\" data-large-file=\"https:\/\/i0.wp.com\/sinmurosnewscalifornia.com\/wp-content\/uploads\/2026\/03\/image003-4-scaled.jpg?fit=640%2C480&amp;ssl=1\" class=\"wp-image-2449 size-medium\" src=\"https:\/\/i0.wp.com\/sinmurosnewscalifornia.com\/wp-content\/uploads\/2026\/03\/image003-4.jpg?resize=300%2C225&#038;ssl=1\" alt=\"\" width=\"300\" height=\"225\" srcset=\"https:\/\/i0.wp.com\/sinmurosnewscalifornia.com\/wp-content\/uploads\/2026\/03\/image003-4-scaled.jpg?resize=300%2C225&amp;ssl=1 300w, https:\/\/i0.wp.com\/sinmurosnewscalifornia.com\/wp-content\/uploads\/2026\/03\/image003-4-scaled.jpg?resize=1024%2C768&amp;ssl=1 1024w, https:\/\/i0.wp.com\/sinmurosnewscalifornia.com\/wp-content\/uploads\/2026\/03\/image003-4-scaled.jpg?resize=768%2C576&amp;ssl=1 768w, https:\/\/i0.wp.com\/sinmurosnewscalifornia.com\/wp-content\/uploads\/2026\/03\/image003-4-scaled.jpg?resize=1536%2C1152&amp;ssl=1 1536w, https:\/\/i0.wp.com\/sinmurosnewscalifornia.com\/wp-content\/uploads\/2026\/03\/image003-4-scaled.jpg?resize=2048%2C1536&amp;ssl=1 2048w, https:\/\/i0.wp.com\/sinmurosnewscalifornia.com\/wp-content\/uploads\/2026\/03\/image003-4-scaled.jpg?w=1280&amp;ssl=1 1280w, https:\/\/i0.wp.com\/sinmurosnewscalifornia.com\/wp-content\/uploads\/2026\/03\/image003-4-scaled.jpg?w=1920&amp;ssl=1 1920w\" sizes=\"auto, (max-width: 300px) 100vw, 300px\" data-recalc-dims=\"1\" \/><figcaption id=\"caption-attachment-2449\" class=\"wp-caption-text\">Estuardo V. Rodriguez, President and CEO of Friends of the National Museum of the American Latino; Cristo Fern\u00e1ndez, actor and producer; Ruben Garcia, Founder of MOSAICO<\/figcaption><\/figure>\n<p data-start=\"248\" data-end=\"614\"><span dir=\"auto\"> La organizaci\u00f3n <i>Friends of the National Museum of the American Latino<\/i>\u00a0(FRIENDS) repiti\u00f3 como coanfitri\u00f3n, y este a\u00f1o se sum\u00f3 como copresentador el\u00a0<i>Los Angeles Latino International Film Festival<\/i>\u00a0(LALIFF), un programa del\u00a0<i>Latino Film Institute<\/i>\u00a0(LFI) que este a\u00f1o celebra su 25.\u00aa edici\u00f3n.<\/span><\/p>\n<p data-start=\"248\" data-end=\"614\"><span dir=\"auto\">\u00a0Se<\/span><span dir=\"auto\"> reunieron destacadas figuras del entretenimiento, l\u00edderes culturales y tomadores de decisiones en un ambiente de colaboraci\u00f3n y celebraci\u00f3n.<br \/>\nEl evento se realiz\u00f3 en<\/span><span dir=\"auto\"> exclusivo restaurante Fanny&#8217;s, dentro del Museo de la Academia, y reuni\u00f3 a una influyente comunidad de cineastas, artistas y ejecutivos. Entre los coanfitriones honorarios destacaron figuras como <\/span><span class=\"hover:entity-accent entity-underline inline cursor-pointer align-baseline\"><span class=\"whitespace-normal\"><span dir=\"auto\">Eva Longoria<\/span><\/span><\/span><span dir=\"auto\"> , <\/span><span class=\"hover:entity-accent entity-underline inline cursor-pointer align-baseline\"><span class=\"whitespace-normal\"><span dir=\"auto\">Diego Boneta<\/span><\/span><\/span><span dir=\"auto\"> , <\/span><span class=\"hover:entity-accent entity-underline inline cursor-pointer align-baseline\"><span class=\"whitespace-normal\"><span dir=\"auto\">Demi\u00e1n Bichir<\/span><\/span><\/span><span dir=\"auto\"> , <\/span><span class=\"hover:entity-accent entity-underline inline cursor-pointer align-baseline\"><span class=\"whitespace-normal\"><span dir=\"auto\">Manuel Garc\u00eda-Rulfo<\/span><\/span><\/span><span dir=\"auto\"> y <\/span><span class=\"hover:entity-accent entity-underline inline cursor-pointer align-baseline\"><span class=\"whitespace-normal\"><span dir=\"auto\">Luis Gerardo M\u00e9ndez<\/span><\/span><\/span><span dir=\"auto\"> , quienes aportaron visibilidad y peso a la celebraci\u00f3n.<\/span><\/p>\n<figure id=\"attachment_2448\" aria-describedby=\"caption-attachment-2448\" style=\"width: 300px\" class=\"wp-caption alignleft\"><img loading=\"lazy\" decoding=\"async\" data-attachment-id=\"2448\" data-permalink=\"https:\/\/sinmurosnewscalifornia.com\/?attachment_id=2448\" data-orig-file=\"https:\/\/i0.wp.com\/sinmurosnewscalifornia.com\/wp-content\/uploads\/2026\/03\/image004-3.jpg?fit=1430%2C953&amp;ssl=1\" data-orig-size=\"1430,953\" data-comments-opened=\"1\" data-image-meta=\"{&quot;aperture&quot;:&quot;0&quot;,&quot;credit&quot;:&quot;&quot;,&quot;camera&quot;:&quot;&quot;,&quot;caption&quot;:&quot;&quot;,&quot;created_timestamp&quot;:&quot;0&quot;,&quot;copyright&quot;:&quot;&quot;,&quot;focal_length&quot;:&quot;0&quot;,&quot;iso&quot;:&quot;0&quot;,&quot;shutter_speed&quot;:&quot;0&quot;,&quot;title&quot;:&quot;&quot;,&quot;orientation&quot;:&quot;0&quot;}\" data-image-title=\"image004 (3)\" data-image-description=\"\" data-image-caption=\"\" data-medium-file=\"https:\/\/i0.wp.com\/sinmurosnewscalifornia.com\/wp-content\/uploads\/2026\/03\/image004-3.jpg?fit=300%2C200&amp;ssl=1\" data-large-file=\"https:\/\/i0.wp.com\/sinmurosnewscalifornia.com\/wp-content\/uploads\/2026\/03\/image004-3.jpg?fit=640%2C426&amp;ssl=1\" class=\"wp-image-2448 size-medium\" src=\"https:\/\/i0.wp.com\/sinmurosnewscalifornia.com\/wp-content\/uploads\/2026\/03\/image004-3.jpg?resize=300%2C200&#038;ssl=1\" alt=\"\" width=\"300\" height=\"200\" srcset=\"https:\/\/i0.wp.com\/sinmurosnewscalifornia.com\/wp-content\/uploads\/2026\/03\/image004-3.jpg?resize=300%2C200&amp;ssl=1 300w, https:\/\/i0.wp.com\/sinmurosnewscalifornia.com\/wp-content\/uploads\/2026\/03\/image004-3.jpg?resize=1024%2C682&amp;ssl=1 1024w, https:\/\/i0.wp.com\/sinmurosnewscalifornia.com\/wp-content\/uploads\/2026\/03\/image004-3.jpg?resize=768%2C512&amp;ssl=1 768w, https:\/\/i0.wp.com\/sinmurosnewscalifornia.com\/wp-content\/uploads\/2026\/03\/image004-3.jpg?w=1430&amp;ssl=1 1430w, https:\/\/i0.wp.com\/sinmurosnewscalifornia.com\/wp-content\/uploads\/2026\/03\/image004-3.jpg?w=1280&amp;ssl=1 1280w\" sizes=\"auto, (max-width: 300px) 100vw, 300px\" data-recalc-dims=\"1\" \/><figcaption id=\"caption-attachment-2448\" class=\"wp-caption-text\">Guillermo Salda\u00f1a, Film Commissioner for Mexico City; Gloria Calderon Kellett;Axel Caballero, CEO of Latino Film Institute<\/figcaption><\/figure>\n<p data-start=\"1480\" data-end=\"1810\"><span dir=\"auto\">M\u00e1s all\u00e1 del networking, el brunch se convirti\u00f3 en un espacio de reflexi\u00f3n con la conversaci\u00f3n <\/span><strong data-start=\"1575\" data-end=\"1640\"><span dir=\"auto\">\u201cM\u00e9xico y Hollywood: una alianza creativa con impacto global\u201d<\/span><\/strong><span dir=\"auto\"> , donde se abordaron los cambios estructurales de la industria, el crecimiento de las voces latinas y el papel hist\u00f3rico de M\u00e9xico en la evoluci\u00f3n del cine internacional.<\/span><\/p>\n<p data-start=\"1812\" data-end=\"2192\"><span dir=\"auto\">El C\u00f3nsul General de M\u00e9xico en Los \u00c1ngeles, <\/span><span class=\"hover:entity-accent entity-underline inline cursor-pointer align-baseline\"><span class=\"whitespace-normal\"><span dir=\"auto\">Carlos Gonz\u00e1lez Guti\u00e9rrez<\/span><\/span><\/span><span dir=\"auto\"> , inaugur\u00f3 el evento subrayando la profunda conexi\u00f3n cultural entre ambos pa\u00edses: <\/span><br data-start=\"1974\" data-end=\"1977\" \/><span dir=\"auto\">\u201cM\u00e9xico y Hollywood comparten una alianza creativa de muchos a\u00f1os que ha enriquecido la industria cinematogr\u00e1fica global\u2026 hoy, los cineastas mexicanos y latinos est\u00e1n ayudando a moldear el futuro del cine\u201d, destac\u00f3.<\/span><\/p>\n<p data-start=\"2194\" data-end=\"2494\"><span dir=\"auto\">Por su parte, <\/span><span class=\"hover:entity-accent entity-underline inline cursor-pointer align-baseline\"><span class=\"whitespace-normal\"><span dir=\"auto\">Estuardo V. Rodr\u00edguez<\/span><\/span><\/span><span dir=\"auto\"> , presidente y CEO de FRIENDS, enfatiz\u00f3 la importancia de este momento hist\u00f3rico rumbo al 250 aniversario de Estados Unidos: <\/span><br data-start=\"2369\" data-end=\"2372\" \/><span dir=\"auto\">\u201cEl cine es una de las formas m\u00e1s poderosas de contar una historia m\u00e1s completa sobre qui\u00e9nes han dado forma a este pa\u00eds\u201d.<\/span><\/p>\n<figure id=\"attachment_2447\" aria-describedby=\"caption-attachment-2447\" style=\"width: 200px\" class=\"wp-caption alignright\"><img loading=\"lazy\" decoding=\"async\" data-attachment-id=\"2447\" data-permalink=\"https:\/\/sinmurosnewscalifornia.com\/?attachment_id=2447\" data-orig-file=\"https:\/\/i0.wp.com\/sinmurosnewscalifornia.com\/wp-content\/uploads\/2026\/03\/image005-4.jpg?fit=1066%2C1600&amp;ssl=1\" data-orig-size=\"1066,1600\" data-comments-opened=\"1\" data-image-meta=\"{&quot;aperture&quot;:&quot;0&quot;,&quot;credit&quot;:&quot;&quot;,&quot;camera&quot;:&quot;&quot;,&quot;caption&quot;:&quot;&quot;,&quot;created_timestamp&quot;:&quot;1773548808&quot;,&quot;copyright&quot;:&quot;&quot;,&quot;focal_length&quot;:&quot;0&quot;,&quot;iso&quot;:&quot;0&quot;,&quot;shutter_speed&quot;:&quot;0&quot;,&quot;title&quot;:&quot;&quot;,&quot;orientation&quot;:&quot;0&quot;}\" data-image-title=\"image005 (4)\" data-image-description=\"\" data-image-caption=\"\" data-medium-file=\"https:\/\/i0.wp.com\/sinmurosnewscalifornia.com\/wp-content\/uploads\/2026\/03\/image005-4.jpg?fit=200%2C300&amp;ssl=1\" data-large-file=\"https:\/\/i0.wp.com\/sinmurosnewscalifornia.com\/wp-content\/uploads\/2026\/03\/image005-4.jpg?fit=640%2C961&amp;ssl=1\" class=\"wp-image-2447 size-medium\" src=\"https:\/\/i0.wp.com\/sinmurosnewscalifornia.com\/wp-content\/uploads\/2026\/03\/image005-4.jpg?resize=200%2C300&#038;ssl=1\" alt=\"\" width=\"200\" height=\"300\" srcset=\"https:\/\/i0.wp.com\/sinmurosnewscalifornia.com\/wp-content\/uploads\/2026\/03\/image005-4.jpg?resize=200%2C300&amp;ssl=1 200w, https:\/\/i0.wp.com\/sinmurosnewscalifornia.com\/wp-content\/uploads\/2026\/03\/image005-4.jpg?resize=682%2C1024&amp;ssl=1 682w, https:\/\/i0.wp.com\/sinmurosnewscalifornia.com\/wp-content\/uploads\/2026\/03\/image005-4.jpg?resize=768%2C1153&amp;ssl=1 768w, https:\/\/i0.wp.com\/sinmurosnewscalifornia.com\/wp-content\/uploads\/2026\/03\/image005-4.jpg?resize=1023%2C1536&amp;ssl=1 1023w, https:\/\/i0.wp.com\/sinmurosnewscalifornia.com\/wp-content\/uploads\/2026\/03\/image005-4.jpg?resize=1024%2C1537&amp;ssl=1 1024w, https:\/\/i0.wp.com\/sinmurosnewscalifornia.com\/wp-content\/uploads\/2026\/03\/image005-4.jpg?w=1066&amp;ssl=1 1066w\" sizes=\"auto, (max-width: 200px) 100vw, 200px\" data-recalc-dims=\"1\" \/><figcaption id=\"caption-attachment-2447\" class=\"wp-caption-text\">C\u00f3nsul General Carlos Gonz\u00e1lez Guti\u00e9rrez y el actor Diego Boneta<\/figcaption><\/figure>\n<p data-start=\"2496\" data-end=\"2788\"><span dir=\"auto\">Entre tanto, <\/span><span class=\"hover:entity-accent entity-underline inline cursor-pointer align-baseline\"><span class=\"whitespace-normal\"><span dir=\"auto\">Axel Caballero<\/span><\/span><\/span><span dir=\"auto\"> , CEO del Latino Film Institute, subray\u00f3 el papel central de las voces latinas en la transformaci\u00f3n de la industria: <\/span><br data-start=\"2668\" data-end=\"2671\" \/><span dir=\"auto\">\u201cNuestro objetivo es que estas historias no solo lleguen a m\u00e1s audiencias, sino que definir\u00e1n el futuro de los medios\u201d.<\/span><\/p>\n<p data-start=\"2790\" data-end=\"3085\"><span dir=\"auto\">Uno de los momentos m\u00e1s emotivos lleg\u00f3 con las palabras de Diego Boneta, quien conect\u00f3 con la experiencia colectiva de los artistas latinos: <\/span><br data-start=\"2930\" data-end=\"2933\" \/><span dir=\"auto\">\u201cPara muchos de nosotros, el camino comenz\u00f3 con un sue\u00f1o\u2026 hoy celebramos a quienes siguen abriendo puertas y redefiniendo la representaci\u00f3n en el cine\u201d.<\/span><\/p>\n<p data-start=\"2790\" data-end=\"3085\"><span dir=\"auto\">El evento cerr\u00f3 con un llamado claro: <\/span><strong data-start=\"3125\" data-end=\"3220\"><span dir=\"auto\">fortalecer la producci\u00f3n transfronteriza y ampliar las oportunidades para creadores latinos<\/span><\/strong><span dir=\"auto\"> en un mercado global en constante evoluci\u00f3n. As\u00ed, Casa M\u00e9xico no solo reafirma su papel como puente cultural, sino que consolida un espacio estrat\u00e9gico para el futuro del entretenimiento entre M\u00e9xico y Estados Unidos.<\/span><\/p>\n<p data-start=\"3087\" data-end=\"3438\">\n","protected":false},"excerpt":{"rendered":"<p>*Bajo esa iniciativa el Consulado General de M\u00e9xico en Los \u00c1ngeles, consolida la alianza creativa&#8230;<\/p>\n","protected":false},"author":1,"featured_media":2450,"comment_status":"open","ping_status":"open","sticky":false,"template":"","format":"standard","meta":{"footnotes":""},"categories":[30,1,10,15,438],"tags":[440,20,439,305,195,441,132,223],"class_list":["post-2446","post","type-post","status-publish","format-standard","has-post-thumbnail","hentry","category-california","category-comunidad","category-espectaculos","category-noticias","category-sinmurosnews-california","tag-boneta","tag-consulado","tag-diego","tag-hollywood","tag-la","tag-lunch","tag-mexico","tag-oscar"],"jetpack_sharing_enabled":true,"jetpack_featured_media_url":"https:\/\/i0.wp.com\/sinmurosnewscalifornia.com\/wp-content\/uploads\/2026\/03\/image002-8-scaled.jpg?fit=2560%2C1707&ssl=1","_links":{"self":[{"href":"https:\/\/sinmurosnewscalifornia.com\/index.php?rest_route=\/wp\/v2\/posts\/2446","targetHints":{"allow":["GET"]}}],"collection":[{"href":"https:\/\/sinmurosnewscalifornia.com\/index.php?rest_route=\/wp\/v2\/posts"}],"about":[{"href":"https:\/\/sinmurosnewscalifornia.com\/index.php?rest_route=\/wp\/v2\/types\/post"}],"author":[{"embeddable":true,"href":"https:\/\/sinmurosnewscalifornia.com\/index.php?rest_route=\/wp\/v2\/users\/1"}],"replies":[{"embeddable":true,"href":"https:\/\/sinmurosnewscalifornia.com\/index.php?rest_route=%2Fwp%2Fv2%2Fcomments&post=2446"}],"version-history":[{"count":1,"href":"https:\/\/sinmurosnewscalifornia.com\/index.php?rest_route=\/wp\/v2\/posts\/2446\/revisions"}],"predecessor-version":[{"id":2451,"href":"https:\/\/sinmurosnewscalifornia.com\/index.php?rest_route=\/wp\/v2\/posts\/2446\/revisions\/2451"}],"wp:featuredmedia":[{"embeddable":true,"href":"https:\/\/sinmurosnewscalifornia.com\/index.php?rest_route=\/wp\/v2\/media\/2450"}],"wp:attachment":[{"href":"https:\/\/sinmurosnewscalifornia.com\/index.php?rest_route=%2Fwp%2Fv2%2Fmedia&parent=2446"}],"wp:term":[{"taxonomy":"category","embeddable":true,"href":"https:\/\/sinmurosnewscalifornia.com\/index.php?rest_route=%2Fwp%2Fv2%2Fcategories&post=2446"},{"taxonomy":"post_tag","embeddable":true,"href":"https:\/\/sinmurosnewscalifornia.com\/index.php?rest_route=%2Fwp%2Fv2%2Ftags&post=2446"}],"curies":[{"name":"wp","href":"https:\/\/api.w.org\/{rel}","templated":true}]}}