{"id":2560,"date":"2026-09-02T23:33:36","date_gmt":"2026-09-03T05:33:36","guid":{"rendered":"https:\/\/sinmurosnewscalifornia.com\/?p=2560"},"modified":"2026-09-02T23:33:36","modified_gmt":"2026-09-03T05:33:36","slug":"el-cine-mexicano-conquista-los-angeles","status":"publish","type":"post","link":"https:\/\/sinmurosnewscalifornia.com\/?p=2560","title":{"rendered":"\u00a1El cine mexicano conquista Los \u00c1ngeles!"},"content":{"rendered":"<h4><em><img loading=\"lazy\" decoding=\"async\" data-attachment-id=\"2561\" data-permalink=\"https:\/\/sinmurosnewscalifornia.com\/?attachment_id=2561\" data-orig-file=\"https:\/\/i0.wp.com\/sinmurosnewscalifornia.com\/wp-content\/uploads\/2026\/09\/PosterHMFF26.jpeg?fit=1200%2C1600&amp;ssl=1\" data-orig-size=\"1200,1600\" data-comments-opened=\"1\" data-image-meta=\"{&quot;aperture&quot;:&quot;0&quot;,&quot;credit&quot;:&quot;&quot;,&quot;camera&quot;:&quot;&quot;,&quot;caption&quot;:&quot;&quot;,&quot;created_timestamp&quot;:&quot;0&quot;,&quot;copyright&quot;:&quot;&quot;,&quot;focal_length&quot;:&quot;0&quot;,&quot;iso&quot;:&quot;0&quot;,&quot;shutter_speed&quot;:&quot;0&quot;,&quot;title&quot;:&quot;&quot;,&quot;orientation&quot;:&quot;0&quot;,&quot;alt&quot;:&quot;&quot;}\" data-image-title=\"PosterHMFF26\" data-image-description=\"\" data-image-caption=\"\" data-medium-file=\"https:\/\/i0.wp.com\/sinmurosnewscalifornia.com\/wp-content\/uploads\/2026\/09\/PosterHMFF26.jpeg?fit=225%2C300&amp;ssl=1\" data-large-file=\"https:\/\/i0.wp.com\/sinmurosnewscalifornia.com\/wp-content\/uploads\/2026\/09\/PosterHMFF26.jpeg?fit=640%2C853&amp;ssl=1\" class=\"size-medium wp-image-2561 alignleft\" src=\"https:\/\/i0.wp.com\/sinmurosnewscalifornia.com\/wp-content\/uploads\/2026\/09\/PosterHMFF26.jpeg?resize=225%2C300&#038;ssl=1\" alt=\"\" width=\"225\" height=\"300\" srcset=\"https:\/\/i0.wp.com\/sinmurosnewscalifornia.com\/wp-content\/uploads\/2026\/09\/PosterHMFF26.jpeg?resize=225%2C300&amp;ssl=1 225w, https:\/\/i0.wp.com\/sinmurosnewscalifornia.com\/wp-content\/uploads\/2026\/09\/PosterHMFF26.jpeg?resize=768%2C1024&amp;ssl=1 768w, https:\/\/i0.wp.com\/sinmurosnewscalifornia.com\/wp-content\/uploads\/2026\/09\/PosterHMFF26.jpeg?resize=1152%2C1536&amp;ssl=1 1152w, https:\/\/i0.wp.com\/sinmurosnewscalifornia.com\/wp-content\/uploads\/2026\/09\/PosterHMFF26.jpeg?resize=1024%2C1365&amp;ssl=1 1024w, https:\/\/i0.wp.com\/sinmurosnewscalifornia.com\/wp-content\/uploads\/2026\/09\/PosterHMFF26.jpeg?w=1200&amp;ssl=1 1200w\" sizes=\"auto, (max-width: 225px) 100vw, 225px\" data-recalc-dims=\"1\" \/>* Hola M\u00e9xico Film Festival se realizar\u00e1 del <strong>25 de septiembre al 3 de octubre de 2026<\/strong> en distintos escenarios de la ciudad y sus alrededores.<\/em><\/h4>\n<p class=\"isSelectedEnd\">\u00a0El talento, las historias y la diversidad del cine mexicano volver\u00e1n a conquistar Los \u00c1ngeles con la edici\u00f3n n\u00famero 18 del Hola M\u00e9xico Film Festival, presentado por Toyota All-Electric Family, que se realizar\u00e1 del 25 de septiembre al 3 de octubre de 2026 en distintos escenarios de la ciudad y sus alrededores.<\/p>\n<p class=\"isSelectedEnd\">Considerado el festival de cine mexicano m\u00e1s grande fuera de M\u00e9xico, el encuentro se desarrollar\u00e1 durante el Mes de la Herencia Hispana y llevar\u00e1 a Hollywood, el centro de Los \u00c1ngeles, Pico Rivera y Culver City una amplia programaci\u00f3n que reunir\u00e1 estrenos, documentales, cine familiar y propuestas de terror y suspenso.<\/p>\n<p class=\"isSelectedEnd\">La fiesta cinematogr\u00e1fica arrancar\u00e1 con la gala inaugural de \u201cLoco M\u00e9xico M\u00e1gico\u201d, dirigida por Carlos Santos, que tendr\u00e1 proyecci\u00f3n, alfombra roja y celebraci\u00f3n posterior en The Montalb\u00e1n, en Hollywood.<\/p>\n<p class=\"isSelectedEnd\">La m\u00fasica tambi\u00e9n tendr\u00e1 un lugar especial con el estreno en Los \u00c1ngeles de \u201cZo\u00e9: Memorex + Rexsexex y M\u00e1s\u201d, pel\u00edcula-concierto dirigida por Rodrigo Guardiola y producida por Olmo Guerra, protagonizada por una de las bandas m\u00e1s importantes del rock mexicano.<\/p>\n<p class=\"isSelectedEnd\">Otro de los momentos destacados ser\u00e1 la exhibici\u00f3n especial de \u201cLos Olvidados\u201d, en su edici\u00f3n remasterizada, acompa\u00f1ada por el estreno en Los \u00c1ngeles del documental \u201cMemoria de Los Olvidados\u201d, de Javier Espada, que aborda la trascendencia de la emblem\u00e1tica cinta de Luis Bu\u00f1uel y cuenta con la participaci\u00f3n de Alejandro Gonz\u00e1lez I\u00f1\u00e1rritu.<\/p>\n<h2>Eugenio Derbez llega con nueva serie<\/h2>\n<p class=\"isSelectedEnd\">La pantalla tambi\u00e9n recibir\u00e1 producciones de Amazon, en una serie de estrenos especiales que incluir\u00e1 dos episodios de \u201cEl Juicio\u201d, protagonizada por el actor mexicano Eugenio Derbez.<\/p>\n<p class=\"isSelectedEnd\">La programaci\u00f3n contempla adem\u00e1s \u201cPrefiero La Muerte\u201d, dirigida por Sebasti\u00e1n Sari\u00f1ana. Ambas producciones ser\u00e1n presentadas el 27 de septiembre en The Culver Theater.<\/p>\n<p class=\"isSelectedEnd\">Samuel Douek, fundador y director del festival, destac\u00f3 que llegar a 18 a\u00f1os de celebraci\u00f3n representa una muestra de la fuerza que tiene el cine mexicano y del v\u00ednculo cultural entre M\u00e9xico y Los \u00c1ngeles.<\/p>\n<h2>Una cartelera para todos los p\u00fablicos<\/h2>\n<p class=\"isSelectedEnd\"><img loading=\"lazy\" decoding=\"async\" data-attachment-id=\"2563\" data-permalink=\"https:\/\/sinmurosnewscalifornia.com\/?attachment_id=2563\" data-orig-file=\"https:\/\/i0.wp.com\/sinmurosnewscalifornia.com\/wp-content\/uploads\/2026\/09\/WhatsApp-Image-2026-09-02-at-9.47.13-PM-e1788413239652.jpeg?fit=1528%2C637&amp;ssl=1\" data-orig-size=\"1528,637\" data-comments-opened=\"1\" data-image-meta=\"{&quot;aperture&quot;:&quot;0&quot;,&quot;credit&quot;:&quot;&quot;,&quot;camera&quot;:&quot;&quot;,&quot;caption&quot;:&quot;&quot;,&quot;created_timestamp&quot;:&quot;0&quot;,&quot;copyright&quot;:&quot;&quot;,&quot;focal_length&quot;:&quot;0&quot;,&quot;iso&quot;:&quot;0&quot;,&quot;shutter_speed&quot;:&quot;0&quot;,&quot;title&quot;:&quot;&quot;,&quot;orientation&quot;:&quot;0&quot;,&quot;alt&quot;:&quot;&quot;}\" data-image-title=\"WhatsApp Image 2026-09-02 at 9.47.13 PM\" data-image-description=\"\" data-image-caption=\"\" data-medium-file=\"https:\/\/i0.wp.com\/sinmurosnewscalifornia.com\/wp-content\/uploads\/2026\/09\/WhatsApp-Image-2026-09-02-at-9.47.13-PM-e1788413239652.jpeg?fit=300%2C125&amp;ssl=1\" data-large-file=\"https:\/\/i0.wp.com\/sinmurosnewscalifornia.com\/wp-content\/uploads\/2026\/09\/WhatsApp-Image-2026-09-02-at-9.47.13-PM-e1788413239652.jpeg?fit=640%2C267&amp;ssl=1\" class=\"size-medium wp-image-2563 alignright\" src=\"https:\/\/i0.wp.com\/sinmurosnewscalifornia.com\/wp-content\/uploads\/2026\/09\/WhatsApp-Image-2026-09-02-at-9.47.13-PM-e1788413239652-300x125.jpeg?resize=300%2C125&#038;ssl=1\" alt=\"\" width=\"300\" height=\"125\" srcset=\"https:\/\/i0.wp.com\/sinmurosnewscalifornia.com\/wp-content\/uploads\/2026\/09\/WhatsApp-Image-2026-09-02-at-9.47.13-PM-e1788413239652.jpeg?resize=300%2C125&amp;ssl=1 300w, https:\/\/i0.wp.com\/sinmurosnewscalifornia.com\/wp-content\/uploads\/2026\/09\/WhatsApp-Image-2026-09-02-at-9.47.13-PM-e1788413239652.jpeg?resize=1024%2C427&amp;ssl=1 1024w, https:\/\/i0.wp.com\/sinmurosnewscalifornia.com\/wp-content\/uploads\/2026\/09\/WhatsApp-Image-2026-09-02-at-9.47.13-PM-e1788413239652.jpeg?resize=768%2C320&amp;ssl=1 768w, https:\/\/i0.wp.com\/sinmurosnewscalifornia.com\/wp-content\/uploads\/2026\/09\/WhatsApp-Image-2026-09-02-at-9.47.13-PM-e1788413239652.jpeg?w=1528&amp;ssl=1 1528w, https:\/\/i0.wp.com\/sinmurosnewscalifornia.com\/wp-content\/uploads\/2026\/09\/WhatsApp-Image-2026-09-02-at-9.47.13-PM-e1788413239652.jpeg?w=1280&amp;ssl=1 1280w\" sizes=\"auto, (max-width: 300px) 100vw, 300px\" data-recalc-dims=\"1\" \/>La edici\u00f3n 2026 estar\u00e1 dividida en las secciones M\u00e9xico Ahora, Documental, Hola Ni\u00f1os y Nocturno, con propuestas que van desde historias contempor\u00e1neas y producciones de no ficci\u00f3n hasta cine familiar, terror y suspenso.<\/p>\n<p class=\"isSelectedEnd\">Entre los t\u00edtulos de M\u00e9xico Ahora se encuentran <em>Juana<\/em>, dirigida por Daniel Gim\u00e9nez Cacho; <em>En El Camino<\/em>, de David Pablos; <em>La Peluca<\/em>, de Emiliano Rocha Minter; <em>Sobriedad, Me Est\u00e1s Matando<\/em>, de Ra\u00fal Campos; <em>Una Familia A La Deriva<\/em>, de Alfonso Pineda Ulloa; <em>El Jard\u00edn Que So\u00f1amos<\/em>, de Joaqu\u00edn Del Paso; <em>Bailando Solo<\/em>, de Gilberto Gonz\u00e1lez Penilla; <em>El Conserje<\/em>, de Mauro Mueller y David Figueroa Garc\u00eda; <em>A Toda Madre<\/em>, de Max Del R\u00edo, y <em>Jardines Del Bosque<\/em>, de Alex y Diego Barrag\u00e1n.<\/p>\n<p class=\"isSelectedEnd\">En <strong>Documental<\/strong> figuran <em>Llamarse Olimpia<\/em>, de Indira Cato; <em>Flamingos: La Vida Despu\u00e9s Del Meteorito<\/em>, de Lorenzo Hagerman; <em>Memoria De Los Olvidados<\/em>, de Javier Espada; <em>Azul Oscuro, Azul Celeste<\/em>, de Carlos Carrera y Carlos B\u00e1tiz, y <em>Zo\u00e9: Memorex + Rexsexex Y M\u00e1s<\/em>, de Rodrigo Guardiola.<\/p>\n<p class=\"isSelectedEnd\">La secci\u00f3n <strong>Nocturno<\/strong> ofrecer\u00e1 <em>Hablando Con Extra\u00f1os<\/em>, de Adri\u00e1n Garc\u00eda Bogliano; <em>No Me Sigas<\/em>, de Eduardo y Ximena Garc\u00eda Lecuona, y <em>Psic\u00f3pata: El Asesino Del Conejo Blanco<\/em>, de J. Xavier Velasco.<\/p>\n<p class=\"isSelectedEnd\">Para las familias estar\u00e1 <strong>Hola Ni\u00f1os<\/strong>, con <em>La Marca Del Jaguar<\/em>, dirigida por V\u00edctor Mayorga.<\/p>\n<h2>M\u00e1s de 10 mil espectadores<\/h2>\n<p class=\"isSelectedEnd\"><img loading=\"lazy\" decoding=\"async\" data-attachment-id=\"2564\" data-permalink=\"https:\/\/sinmurosnewscalifornia.com\/?attachment_id=2564\" data-orig-file=\"https:\/\/i0.wp.com\/sinmurosnewscalifornia.com\/wp-content\/uploads\/2026\/09\/WhatsApp-Image-2026-09-02-at-10.31.36-PM-e1788413548118.jpeg?fit=1588%2C842&amp;ssl=1\" data-orig-size=\"1588,842\" data-comments-opened=\"1\" data-image-meta=\"{&quot;aperture&quot;:&quot;0&quot;,&quot;credit&quot;:&quot;&quot;,&quot;camera&quot;:&quot;&quot;,&quot;caption&quot;:&quot;&quot;,&quot;created_timestamp&quot;:&quot;0&quot;,&quot;copyright&quot;:&quot;&quot;,&quot;focal_length&quot;:&quot;0&quot;,&quot;iso&quot;:&quot;0&quot;,&quot;shutter_speed&quot;:&quot;0&quot;,&quot;title&quot;:&quot;&quot;,&quot;orientation&quot;:&quot;0&quot;,&quot;alt&quot;:&quot;&quot;}\" data-image-title=\"WhatsApp Image 2026-09-02 at 10.31.36 PM\" data-image-description=\"\" data-image-caption=\"\" data-medium-file=\"https:\/\/i0.wp.com\/sinmurosnewscalifornia.com\/wp-content\/uploads\/2026\/09\/WhatsApp-Image-2026-09-02-at-10.31.36-PM-e1788413548118.jpeg?fit=300%2C159&amp;ssl=1\" data-large-file=\"https:\/\/i0.wp.com\/sinmurosnewscalifornia.com\/wp-content\/uploads\/2026\/09\/WhatsApp-Image-2026-09-02-at-10.31.36-PM-e1788413548118.jpeg?fit=640%2C339&amp;ssl=1\" class=\"size-medium wp-image-2564 alignleft\" src=\"https:\/\/i0.wp.com\/sinmurosnewscalifornia.com\/wp-content\/uploads\/2026\/09\/WhatsApp-Image-2026-09-02-at-10.31.36-PM-e1788413548118-300x159.jpeg?resize=300%2C159&#038;ssl=1\" alt=\"\" width=\"300\" height=\"159\" srcset=\"https:\/\/i0.wp.com\/sinmurosnewscalifornia.com\/wp-content\/uploads\/2026\/09\/WhatsApp-Image-2026-09-02-at-10.31.36-PM-e1788413548118.jpeg?resize=300%2C159&amp;ssl=1 300w, https:\/\/i0.wp.com\/sinmurosnewscalifornia.com\/wp-content\/uploads\/2026\/09\/WhatsApp-Image-2026-09-02-at-10.31.36-PM-e1788413548118.jpeg?resize=1024%2C543&amp;ssl=1 1024w, https:\/\/i0.wp.com\/sinmurosnewscalifornia.com\/wp-content\/uploads\/2026\/09\/WhatsApp-Image-2026-09-02-at-10.31.36-PM-e1788413548118.jpeg?resize=768%2C407&amp;ssl=1 768w, https:\/\/i0.wp.com\/sinmurosnewscalifornia.com\/wp-content\/uploads\/2026\/09\/WhatsApp-Image-2026-09-02-at-10.31.36-PM-e1788413548118.jpeg?resize=1536%2C814&amp;ssl=1 1536w, https:\/\/i0.wp.com\/sinmurosnewscalifornia.com\/wp-content\/uploads\/2026\/09\/WhatsApp-Image-2026-09-02-at-10.31.36-PM-e1788413548118.jpeg?w=1588&amp;ssl=1 1588w, https:\/\/i0.wp.com\/sinmurosnewscalifornia.com\/wp-content\/uploads\/2026\/09\/WhatsApp-Image-2026-09-02-at-10.31.36-PM-e1788413548118.jpeg?w=1280&amp;ssl=1 1280w\" sizes=\"auto, (max-width: 300px) 100vw, 300px\" data-recalc-dims=\"1\" \/>El Hola M\u00e9xico Film Festival espera reunir a m\u00e1s de 10 mil cin\u00e9filos y presentar\u00e1 m\u00e1s de 20 largometrajes, adem\u00e1s de una veintena de cortometrajes como parte de su programa Tomorrow&#8217;s Filmmakers Today, dedicado a impulsar a nuevos realizadores.<\/p>\n<p class=\"isSelectedEnd\">Como parte de esta iniciativa, Toyota colabor\u00f3 con Andrea Porras Madero, participante de ediciones anteriores, para desarrollar un cortometraje inspirado en el suspenso y la ciencia ficci\u00f3n, en el que aparecen dos veh\u00edculos de la familia el\u00e9ctrica de Toyota.<\/p>\n<p>Con una combinaci\u00f3n de cine, m\u00fasica, alfombras rojas y talento mexicano, el festival se prepara para convertir nuevamente a Los \u00c1ngeles en uno de los grandes escaparates internacionales de la cinematograf\u00eda mexicana.<\/p>\n","protected":false},"excerpt":{"rendered":"<p>* Hola M\u00e9xico Film Festival se realizar\u00e1 del 25 de septiembre al 3 de octubre&#8230;<\/p>\n","protected":false},"author":1,"featured_media":2561,"comment_status":"open","ping_status":"open","sticky":false,"template":"","format":"standard","meta":{"footnotes":""},"categories":[30,14,10,15],"tags":[450,452,451,286,449,195],"class_list":["post-2560","post","type-post","status-publish","format-standard","has-post-thumbnail","hentry","category-california","category-englishreports","category-espectaculos","category-noticias","tag-cine","tag-derbez","tag-eugenio","tag-film","tag-hola-mexico","tag-la"],"jetpack_sharing_enabled":true,"jetpack_featured_media_url":"https:\/\/i0.wp.com\/sinmurosnewscalifornia.com\/wp-content\/uploads\/2026\/09\/PosterHMFF26.jpeg?fit=1200%2C1600&ssl=1","_links":{"self":[{"href":"https:\/\/sinmurosnewscalifornia.com\/index.php?rest_route=\/wp\/v2\/posts\/2560","targetHints":{"allow":["GET"]}}],"collection":[{"href":"https:\/\/sinmurosnewscalifornia.com\/index.php?rest_route=\/wp\/v2\/posts"}],"about":[{"href":"https:\/\/sinmurosnewscalifornia.com\/index.php?rest_route=\/wp\/v2\/types\/post"}],"author":[{"embeddable":true,"href":"https:\/\/sinmurosnewscalifornia.com\/index.php?rest_route=\/wp\/v2\/users\/1"}],"replies":[{"embeddable":true,"href":"https:\/\/sinmurosnewscalifornia.com\/index.php?rest_route=%2Fwp%2Fv2%2Fcomments&post=2560"}],"version-history":[{"count":1,"href":"https:\/\/sinmurosnewscalifornia.com\/index.php?rest_route=\/wp\/v2\/posts\/2560\/revisions"}],"predecessor-version":[{"id":2565,"href":"https:\/\/sinmurosnewscalifornia.com\/index.php?rest_route=\/wp\/v2\/posts\/2560\/revisions\/2565"}],"wp:featuredmedia":[{"embeddable":true,"href":"https:\/\/sinmurosnewscalifornia.com\/index.php?rest_route=\/wp\/v2\/media\/2561"}],"wp:attachment":[{"href":"https:\/\/sinmurosnewscalifornia.com\/index.php?rest_route=%2Fwp%2Fv2%2Fmedia&parent=2560"}],"wp:term":[{"taxonomy":"category","embeddable":true,"href":"https:\/\/sinmurosnewscalifornia.com\/index.php?rest_route=%2Fwp%2Fv2%2Fcategories&post=2560"},{"taxonomy":"post_tag","embeddable":true,"href":"https:\/\/sinmurosnewscalifornia.com\/index.php?rest_route=%2Fwp%2Fv2%2Ftags&post=2560"}],"curies":[{"name":"wp","href":"https:\/\/api.w.org\/{rel}","templated":true}]}}